{"id":578,"date":"2021-07-27T13:32:00","date_gmt":"2021-07-27T11:32:00","guid":{"rendered":"https:\/\/mementomemini.website\/?p=578"},"modified":"2025-02-20T16:12:03","modified_gmt":"2025-02-20T15:12:03","slug":"creation-de-visuels-les-gallicus-tours-des-trimatrici","status":"publish","type":"post","link":"https:\/\/mementomemini.website\/index.php\/2021\/07\/27\/creation-de-visuels-les-gallicus-tours-des-trimatrici\/","title":{"rendered":"Cr\u00e9ation de visuels | Les Gallicus Tours des Trimatrici"},"content":{"rendered":"\n<p>Dans le cadre de mon implication, en tant que membre active, pour l\u2019association des <a href=\"https:\/\/www.facebook.com\/trimatrici\" target=\"_blank\" rel=\"noreferrer noopener\">Trimatrici<\/a>. J\u2019ai eu l\u2019opportunit\u00e9 de cr\u00e9er les visuels pour les Gallicus Tours 2018, 2019 et 2021.<\/p>\n\n\n\n<p>Afin d\u2019apporter de la modernit\u00e9 aux pr\u00e9sentations vid\u00e9os de l\u2019association, il m\u2019a \u00e9t\u00e9 permis de cr\u00e9er une animation introductive du logo, que l\u2019on retrouve d\u00e9sormais sur les vid\u00e9os de pr\u00e9sentation de l\u2019artisanat gaulois, r\u00e9alis\u00e9es par les membres de la troupe.<\/p>\n\n\n\n<figure class=\"wp-block-image alignfull size-large\"><img data-dominant-color=\"434040\" data-has-transparency=\"false\" style=\"--dominant-color: #434040;\" loading=\"lazy\" decoding=\"async\" width=\"1024\" height=\"396\" src=\"https:\/\/mementomemini.website\/wp-content\/uploads\/2022\/12\/Trimatrici_Furor_Gallicus_Tour_2018-1024x396.jpg\" alt=\"Cr\u00e9ation de visuel pour la troupe des Trimatrici pour le Furor Gallicus Tour 2018. \u00a9 Myriam Muesser, Trimatrici\" class=\"wp-image-622 not-transparent\" srcset=\"https:\/\/mementomemini.website\/wp-content\/uploads\/2022\/12\/Trimatrici_Furor_Gallicus_Tour_2018-1024x396.jpg 1024w, https:\/\/mementomemini.website\/wp-content\/uploads\/2022\/12\/Trimatrici_Furor_Gallicus_Tour_2018-367x142.webp 367w, https:\/\/mementomemini.website\/wp-content\/uploads\/2022\/12\/Trimatrici_Furor_Gallicus_Tour_2018-1200x464.webp 1200w, https:\/\/mementomemini.website\/wp-content\/uploads\/2022\/12\/Trimatrici_Furor_Gallicus_Tour_2018-300x116.jpg 300w, https:\/\/mementomemini.website\/wp-content\/uploads\/2022\/12\/Trimatrici_Furor_Gallicus_Tour_2018-768x297.jpg 768w, https:\/\/mementomemini.website\/wp-content\/uploads\/2022\/12\/Trimatrici_Furor_Gallicus_Tour_2018-1536x594.jpg 1536w, https:\/\/mementomemini.website\/wp-content\/uploads\/2022\/12\/Trimatrici_Furor_Gallicus_Tour_2018-2048x792.jpg 2048w, https:\/\/mementomemini.website\/wp-content\/uploads\/2022\/12\/Trimatrici_Furor_Gallicus_Tour_2018-600x232.jpg 600w\" sizes=\"auto, (max-width: 1024px) 100vw, 1024px\" \/><figcaption class=\"wp-element-caption\">Cr\u00e9ation d&rsquo;un visuel pour la troupe des Trimatrici pour le Furor Gallicus Tour 2018. <strong>\u00a9<\/strong> Myriam Muesser, Trimatrici<\/figcaption><\/figure>\n\n\n\n<figure class=\"wp-block-image alignfull size-large\"><img data-dominant-color=\"424953\" data-has-transparency=\"false\" style=\"--dominant-color: #424953;\" loading=\"lazy\" decoding=\"async\" width=\"1024\" height=\"379\" src=\"https:\/\/mementomemini.website\/wp-content\/uploads\/2022\/12\/Trimatrici_Furor_Gallicus_Tour_2019-1024x379.jpg\" alt=\"Cr\u00e9ation de visuel pour la troupe des Trimatrici pour le Furor Gallicus Tour 2019. \u00a9 Myriam Muesser, Trimatrici\" class=\"wp-image-623 not-transparent\" srcset=\"https:\/\/mementomemini.website\/wp-content\/uploads\/2022\/12\/Trimatrici_Furor_Gallicus_Tour_2019-1024x379.jpg 1024w, https:\/\/mementomemini.website\/wp-content\/uploads\/2022\/12\/Trimatrici_Furor_Gallicus_Tour_2019-367x136.webp 367w, https:\/\/mementomemini.website\/wp-content\/uploads\/2022\/12\/Trimatrici_Furor_Gallicus_Tour_2019-1200x444.webp 1200w, https:\/\/mementomemini.website\/wp-content\/uploads\/2022\/12\/Trimatrici_Furor_Gallicus_Tour_2019-300x111.jpg 300w, https:\/\/mementomemini.website\/wp-content\/uploads\/2022\/12\/Trimatrici_Furor_Gallicus_Tour_2019-768x284.jpg 768w, https:\/\/mementomemini.website\/wp-content\/uploads\/2022\/12\/Trimatrici_Furor_Gallicus_Tour_2019-1536x568.jpg 1536w, https:\/\/mementomemini.website\/wp-content\/uploads\/2022\/12\/Trimatrici_Furor_Gallicus_Tour_2019-2048x758.jpg 2048w, https:\/\/mementomemini.website\/wp-content\/uploads\/2022\/12\/Trimatrici_Furor_Gallicus_Tour_2019-600x222.jpg 600w\" sizes=\"auto, (max-width: 1024px) 100vw, 1024px\" \/><figcaption class=\"wp-element-caption\">Cr\u00e9ation d&rsquo;un visuel pour la troupe des Trimatrici pour le Furor Gallicus Tour 2019. <strong>\u00a9<\/strong> Myriam Muesser, Trimatrici<\/figcaption><\/figure>\n\n\n\n<figure class=\"wp-block-image alignfull size-large\"><img data-dominant-color=\"49443b\" data-has-transparency=\"false\" style=\"--dominant-color: #49443b;\" loading=\"lazy\" decoding=\"async\" width=\"1024\" height=\"376\" src=\"https:\/\/mementomemini.website\/wp-content\/uploads\/2022\/12\/Trimatrici_Furor_Gallicus_Tour_2021-1024x376.jpg\" alt=\"Cr\u00e9ation de visuel pour la troupe des Trimatrici pour le Furor Gallicus Tour 2021. \u00a9 Myriam Muesser, Trimatrici\" class=\"wp-image-624 not-transparent\" srcset=\"https:\/\/mementomemini.website\/wp-content\/uploads\/2022\/12\/Trimatrici_Furor_Gallicus_Tour_2021-1024x376.jpg 1024w, https:\/\/mementomemini.website\/wp-content\/uploads\/2022\/12\/Trimatrici_Furor_Gallicus_Tour_2021-367x135.webp 367w, https:\/\/mementomemini.website\/wp-content\/uploads\/2022\/12\/Trimatrici_Furor_Gallicus_Tour_2021-1200x441.webp 1200w, https:\/\/mementomemini.website\/wp-content\/uploads\/2022\/12\/Trimatrici_Furor_Gallicus_Tour_2021-300x110.jpg 300w, https:\/\/mementomemini.website\/wp-content\/uploads\/2022\/12\/Trimatrici_Furor_Gallicus_Tour_2021-768x282.jpg 768w, https:\/\/mementomemini.website\/wp-content\/uploads\/2022\/12\/Trimatrici_Furor_Gallicus_Tour_2021-1536x564.jpg 1536w, https:\/\/mementomemini.website\/wp-content\/uploads\/2022\/12\/Trimatrici_Furor_Gallicus_Tour_2021-600x220.jpg 600w, https:\/\/mementomemini.website\/wp-content\/uploads\/2022\/12\/Trimatrici_Furor_Gallicus_Tour_2021.webp 1818w\" sizes=\"auto, (max-width: 1024px) 100vw, 1024px\" \/><figcaption class=\"wp-element-caption\">Cr\u00e9ation d&rsquo;un visuel pour la troupe des Trimatrici pour le Furor Gallicus Tour 2021. <strong>\u00a9<\/strong> Myriam Muesser, Trimatrici<\/figcaption><\/figure>\n","protected":false},"excerpt":{"rendered":"<p>Dans le cadre de mon implication, en tant que membre active, pour l\u2019association des Trimatrici. J\u2019ai eu l\u2019opportunit\u00e9 de cr\u00e9er les visuels pour les Gallicus Tours 2018, 2019 et 2021. &hellip;<\/p>\n","protected":false},"author":1,"featured_media":651,"comment_status":"closed","ping_status":"closed","sticky":false,"template":"","format":"standard","meta":{"footnotes":""},"categories":[15],"tags":[35,29,34,33,31,32],"class_list":["post-578","post","type-post","status-publish","format-standard","has-post-thumbnail","hentry","category-communication-graphisme","tag-celte","tag-creation-de-visuels","tag-gaulois","tag-histoire","tag-infographie","tag-reconstitution"],"yoast_head":"<!-- This site is optimized with the Yoast SEO plugin v25.6 - https:\/\/yoast.com\/wordpress\/plugins\/seo\/ -->\n<title>Cr\u00e9ation de visuels | Les Gallicus Tours des Trimatrici<\/title>\n<meta name=\"description\" content=\"R\u00e9alisation de visuels graphiques pour les Furor Gallicus Tour, le programme de tourn\u00e9e des Trimatrici, troupe de reconstitution historique.\" \/>\n<meta name=\"robots\" content=\"index, follow, max-snippet:-1, max-image-preview:large, max-video-preview:-1\" \/>\n<link rel=\"canonical\" href=\"https:\/\/mementomemini.website\/index.php\/2021\/07\/27\/creation-de-visuels-les-gallicus-tours-des-trimatrici\/\" \/>\n<meta property=\"og:locale\" content=\"fr_FR\" \/>\n<meta property=\"og:type\" content=\"article\" \/>\n<meta property=\"og:title\" content=\"Cr\u00e9ation de visuels | Les Gallicus Tours des Trimatrici\" \/>\n<meta property=\"og:description\" content=\"R\u00e9alisation de visuels graphiques pour les Furor Gallicus Tour, le programme de tourn\u00e9e des Trimatrici, troupe de reconstitution historique.\" \/>\n<meta property=\"og:url\" content=\"https:\/\/mementomemini.website\/index.php\/2021\/07\/27\/creation-de-visuels-les-gallicus-tours-des-trimatrici\/\" \/>\n<meta property=\"og:site_name\" content=\"Memento Memini\" \/>\n<meta property=\"article:published_time\" content=\"2021-07-27T11:32:00+00:00\" \/>\n<meta property=\"article:modified_time\" content=\"2025-02-20T15:12:03+00:00\" \/>\n<meta property=\"og:image\" content=\"https:\/\/mementomemini.website\/wp-content\/uploads\/2021\/07\/Furor_gallicus_tour_couv-blog_Memento-Memini.webp\" \/>\n\t<meta property=\"og:image:width\" content=\"1778\" \/>\n\t<meta property=\"og:image:height\" content=\"1067\" \/>\n\t<meta property=\"og:image:type\" content=\"image\/jpeg\" \/>\n<meta name=\"author\" content=\"Myriam Muesser\" \/>\n<meta name=\"twitter:card\" content=\"summary_large_image\" \/>\n<meta name=\"twitter:label1\" content=\"\u00c9crit par\" \/>\n\t<meta name=\"twitter:data1\" content=\"Myriam Muesser\" \/>\n\t<meta name=\"twitter:label2\" content=\"Dur\u00e9e de lecture estim\u00e9e\" \/>\n\t<meta name=\"twitter:data2\" content=\"2 minutes\" \/>\n<script type=\"application\/ld+json\" class=\"yoast-schema-graph\">{\"@context\":\"https:\/\/schema.org\",\"@graph\":[{\"@type\":\"Article\",\"@id\":\"https:\/\/mementomemini.website\/index.php\/2021\/07\/27\/creation-de-visuels-les-gallicus-tours-des-trimatrici\/#article\",\"isPartOf\":{\"@id\":\"https:\/\/mementomemini.website\/index.php\/2021\/07\/27\/creation-de-visuels-les-gallicus-tours-des-trimatrici\/\"},\"author\":{\"name\":\"Myriam Muesser\",\"@id\":\"https:\/\/mementomemini.website\/#\/schema\/person\/1f5d973dd21d539f058037ee9cc15f68\"},\"headline\":\"Cr\u00e9ation de visuels | Les Gallicus Tours des Trimatrici\",\"datePublished\":\"2021-07-27T11:32:00+00:00\",\"dateModified\":\"2025-02-20T15:12:03+00:00\",\"mainEntityOfPage\":{\"@id\":\"https:\/\/mementomemini.website\/index.php\/2021\/07\/27\/creation-de-visuels-les-gallicus-tours-des-trimatrici\/\"},\"wordCount\":147,\"publisher\":{\"@id\":\"https:\/\/mementomemini.website\/#\/schema\/person\/1f5d973dd21d539f058037ee9cc15f68\"},\"image\":{\"@id\":\"https:\/\/mementomemini.website\/index.php\/2021\/07\/27\/creation-de-visuels-les-gallicus-tours-des-trimatrici\/#primaryimage\"},\"thumbnailUrl\":\"https:\/\/mementomemini.website\/wp-content\/uploads\/2021\/07\/Furor_gallicus_tour_couv-blog_Memento-Memini.webp\",\"keywords\":[\"celte\",\"cr\u00e9ation de visuels\",\"gaulois\",\"histoire\",\"infographie\",\"reconstitution\"],\"articleSection\":[\"Communication &amp; Graphisme\"],\"inLanguage\":\"fr-FR\"},{\"@type\":\"WebPage\",\"@id\":\"https:\/\/mementomemini.website\/index.php\/2021\/07\/27\/creation-de-visuels-les-gallicus-tours-des-trimatrici\/\",\"url\":\"https:\/\/mementomemini.website\/index.php\/2021\/07\/27\/creation-de-visuels-les-gallicus-tours-des-trimatrici\/\",\"name\":\"Cr\u00e9ation de visuels | Les Gallicus Tours des Trimatrici\",\"isPartOf\":{\"@id\":\"https:\/\/mementomemini.website\/#website\"},\"primaryImageOfPage\":{\"@id\":\"https:\/\/mementomemini.website\/index.php\/2021\/07\/27\/creation-de-visuels-les-gallicus-tours-des-trimatrici\/#primaryimage\"},\"image\":{\"@id\":\"https:\/\/mementomemini.website\/index.php\/2021\/07\/27\/creation-de-visuels-les-gallicus-tours-des-trimatrici\/#primaryimage\"},\"thumbnailUrl\":\"https:\/\/mementomemini.website\/wp-content\/uploads\/2021\/07\/Furor_gallicus_tour_couv-blog_Memento-Memini.webp\",\"datePublished\":\"2021-07-27T11:32:00+00:00\",\"dateModified\":\"2025-02-20T15:12:03+00:00\",\"description\":\"R\u00e9alisation de visuels graphiques pour les Furor Gallicus Tour, le programme de tourn\u00e9e des Trimatrici, troupe de reconstitution historique.\",\"breadcrumb\":{\"@id\":\"https:\/\/mementomemini.website\/index.php\/2021\/07\/27\/creation-de-visuels-les-gallicus-tours-des-trimatrici\/#breadcrumb\"},\"inLanguage\":\"fr-FR\",\"potentialAction\":[{\"@type\":\"ReadAction\",\"target\":[\"https:\/\/mementomemini.website\/index.php\/2021\/07\/27\/creation-de-visuels-les-gallicus-tours-des-trimatrici\/\"]}]},{\"@type\":\"ImageObject\",\"inLanguage\":\"fr-FR\",\"@id\":\"https:\/\/mementomemini.website\/index.php\/2021\/07\/27\/creation-de-visuels-les-gallicus-tours-des-trimatrici\/#primaryimage\",\"url\":\"https:\/\/mementomemini.website\/wp-content\/uploads\/2021\/07\/Furor_gallicus_tour_couv-blog_Memento-Memini.webp\",\"contentUrl\":\"https:\/\/mementomemini.website\/wp-content\/uploads\/2021\/07\/Furor_gallicus_tour_couv-blog_Memento-Memini.webp\",\"width\":1778,\"height\":1067,\"caption\":\"Furor Gallicus Tours des Trimatrici. Cr\u00e9ations visuels graphiques r\u00e9alis\u00e9es par Myriam Muesser\"},{\"@type\":\"BreadcrumbList\",\"@id\":\"https:\/\/mementomemini.website\/index.php\/2021\/07\/27\/creation-de-visuels-les-gallicus-tours-des-trimatrici\/#breadcrumb\",\"itemListElement\":[{\"@type\":\"ListItem\",\"position\":1,\"name\":\"Accueil\",\"item\":\"https:\/\/mementomemini.website\/\"},{\"@type\":\"ListItem\",\"position\":2,\"name\":\"Cr\u00e9ation de visuels | Les Gallicus Tours des Trimatrici\"}]},{\"@type\":\"WebSite\",\"@id\":\"https:\/\/mementomemini.website\/#website\",\"url\":\"https:\/\/mementomemini.website\/\",\"name\":\"Memento Memini, le carnet de curiosit\u00e9 de Myriam Muesser\",\"description\":\"Mon carnet de curiosit\u00e9\",\"publisher\":{\"@id\":\"https:\/\/mementomemini.website\/#\/schema\/person\/1f5d973dd21d539f058037ee9cc15f68\"},\"alternateName\":\"Memento Memini\",\"potentialAction\":[{\"@type\":\"SearchAction\",\"target\":{\"@type\":\"EntryPoint\",\"urlTemplate\":\"https:\/\/mementomemini.website\/?s={search_term_string}\"},\"query-input\":{\"@type\":\"PropertyValueSpecification\",\"valueRequired\":true,\"valueName\":\"search_term_string\"}}],\"inLanguage\":\"fr-FR\"},{\"@type\":[\"Person\",\"Organization\"],\"@id\":\"https:\/\/mementomemini.website\/#\/schema\/person\/1f5d973dd21d539f058037ee9cc15f68\",\"name\":\"Myriam Muesser\",\"image\":{\"@type\":\"ImageObject\",\"inLanguage\":\"fr-FR\",\"@id\":\"https:\/\/mementomemini.website\/#\/schema\/person\/image\/\",\"url\":\"https:\/\/mementomemini.website\/wp-content\/uploads\/2022\/07\/cropped-cropped-MementoMemini_logo-e1658676554139.png\",\"contentUrl\":\"https:\/\/mementomemini.website\/wp-content\/uploads\/2022\/07\/cropped-cropped-MementoMemini_logo-e1658676554139.png\",\"width\":50,\"height\":50,\"caption\":\"Myriam Muesser\"},\"logo\":{\"@id\":\"https:\/\/mementomemini.website\/#\/schema\/person\/image\/\"},\"sameAs\":[\"http:\/\/mementomemini.website\",\"https:\/\/www.instagram.com\/memento_memini\/\",\"https:\/\/fr.linkedin.com\/in\/myriam-muesser-b91b16a3\"],\"url\":\"https:\/\/mementomemini.website\/index.php\/author\/myriammuesser\/\"}]}<\/script>\n<!-- \/ Yoast SEO plugin. -->","yoast_head_json":{"title":"Cr\u00e9ation de visuels | Les Gallicus Tours des Trimatrici","description":"R\u00e9alisation de visuels graphiques pour les Furor Gallicus Tour, le programme de tourn\u00e9e des Trimatrici, troupe de reconstitution historique.","robots":{"index":"index","follow":"follow","max-snippet":"max-snippet:-1","max-image-preview":"max-image-preview:large","max-video-preview":"max-video-preview:-1"},"canonical":"https:\/\/mementomemini.website\/index.php\/2021\/07\/27\/creation-de-visuels-les-gallicus-tours-des-trimatrici\/","og_locale":"fr_FR","og_type":"article","og_title":"Cr\u00e9ation de visuels | Les Gallicus Tours des Trimatrici","og_description":"R\u00e9alisation de visuels graphiques pour les Furor Gallicus Tour, le programme de tourn\u00e9e des Trimatrici, troupe de reconstitution historique.","og_url":"https:\/\/mementomemini.website\/index.php\/2021\/07\/27\/creation-de-visuels-les-gallicus-tours-des-trimatrici\/","og_site_name":"Memento Memini","article_published_time":"2021-07-27T11:32:00+00:00","article_modified_time":"2025-02-20T15:12:03+00:00","og_image":[{"width":1778,"height":1067,"url":"https:\/\/mementomemini.website\/wp-content\/uploads\/2021\/07\/Furor_gallicus_tour_couv-blog_Memento-Memini.webp","type":"image\/jpeg"}],"author":"Myriam Muesser","twitter_card":"summary_large_image","twitter_misc":{"\u00c9crit par":"Myriam Muesser","Dur\u00e9e de lecture estim\u00e9e":"2 minutes"},"schema":{"@context":"https:\/\/schema.org","@graph":[{"@type":"Article","@id":"https:\/\/mementomemini.website\/index.php\/2021\/07\/27\/creation-de-visuels-les-gallicus-tours-des-trimatrici\/#article","isPartOf":{"@id":"https:\/\/mementomemini.website\/index.php\/2021\/07\/27\/creation-de-visuels-les-gallicus-tours-des-trimatrici\/"},"author":{"name":"Myriam Muesser","@id":"https:\/\/mementomemini.website\/#\/schema\/person\/1f5d973dd21d539f058037ee9cc15f68"},"headline":"Cr\u00e9ation de visuels | Les Gallicus Tours des Trimatrici","datePublished":"2021-07-27T11:32:00+00:00","dateModified":"2025-02-20T15:12:03+00:00","mainEntityOfPage":{"@id":"https:\/\/mementomemini.website\/index.php\/2021\/07\/27\/creation-de-visuels-les-gallicus-tours-des-trimatrici\/"},"wordCount":147,"publisher":{"@id":"https:\/\/mementomemini.website\/#\/schema\/person\/1f5d973dd21d539f058037ee9cc15f68"},"image":{"@id":"https:\/\/mementomemini.website\/index.php\/2021\/07\/27\/creation-de-visuels-les-gallicus-tours-des-trimatrici\/#primaryimage"},"thumbnailUrl":"https:\/\/mementomemini.website\/wp-content\/uploads\/2021\/07\/Furor_gallicus_tour_couv-blog_Memento-Memini.webp","keywords":["celte","cr\u00e9ation de visuels","gaulois","histoire","infographie","reconstitution"],"articleSection":["Communication &amp; Graphisme"],"inLanguage":"fr-FR"},{"@type":"WebPage","@id":"https:\/\/mementomemini.website\/index.php\/2021\/07\/27\/creation-de-visuels-les-gallicus-tours-des-trimatrici\/","url":"https:\/\/mementomemini.website\/index.php\/2021\/07\/27\/creation-de-visuels-les-gallicus-tours-des-trimatrici\/","name":"Cr\u00e9ation de visuels | Les Gallicus Tours des Trimatrici","isPartOf":{"@id":"https:\/\/mementomemini.website\/#website"},"primaryImageOfPage":{"@id":"https:\/\/mementomemini.website\/index.php\/2021\/07\/27\/creation-de-visuels-les-gallicus-tours-des-trimatrici\/#primaryimage"},"image":{"@id":"https:\/\/mementomemini.website\/index.php\/2021\/07\/27\/creation-de-visuels-les-gallicus-tours-des-trimatrici\/#primaryimage"},"thumbnailUrl":"https:\/\/mementomemini.website\/wp-content\/uploads\/2021\/07\/Furor_gallicus_tour_couv-blog_Memento-Memini.webp","datePublished":"2021-07-27T11:32:00+00:00","dateModified":"2025-02-20T15:12:03+00:00","description":"R\u00e9alisation de visuels graphiques pour les Furor Gallicus Tour, le programme de tourn\u00e9e des Trimatrici, troupe de reconstitution historique.","breadcrumb":{"@id":"https:\/\/mementomemini.website\/index.php\/2021\/07\/27\/creation-de-visuels-les-gallicus-tours-des-trimatrici\/#breadcrumb"},"inLanguage":"fr-FR","potentialAction":[{"@type":"ReadAction","target":["https:\/\/mementomemini.website\/index.php\/2021\/07\/27\/creation-de-visuels-les-gallicus-tours-des-trimatrici\/"]}]},{"@type":"ImageObject","inLanguage":"fr-FR","@id":"https:\/\/mementomemini.website\/index.php\/2021\/07\/27\/creation-de-visuels-les-gallicus-tours-des-trimatrici\/#primaryimage","url":"https:\/\/mementomemini.website\/wp-content\/uploads\/2021\/07\/Furor_gallicus_tour_couv-blog_Memento-Memini.webp","contentUrl":"https:\/\/mementomemini.website\/wp-content\/uploads\/2021\/07\/Furor_gallicus_tour_couv-blog_Memento-Memini.webp","width":1778,"height":1067,"caption":"Furor Gallicus Tours des Trimatrici. Cr\u00e9ations visuels graphiques r\u00e9alis\u00e9es par Myriam Muesser"},{"@type":"BreadcrumbList","@id":"https:\/\/mementomemini.website\/index.php\/2021\/07\/27\/creation-de-visuels-les-gallicus-tours-des-trimatrici\/#breadcrumb","itemListElement":[{"@type":"ListItem","position":1,"name":"Accueil","item":"https:\/\/mementomemini.website\/"},{"@type":"ListItem","position":2,"name":"Cr\u00e9ation de visuels | Les Gallicus Tours des Trimatrici"}]},{"@type":"WebSite","@id":"https:\/\/mementomemini.website\/#website","url":"https:\/\/mementomemini.website\/","name":"Memento Memini, le carnet de curiosit\u00e9 de Myriam Muesser","description":"Mon carnet de curiosit\u00e9","publisher":{"@id":"https:\/\/mementomemini.website\/#\/schema\/person\/1f5d973dd21d539f058037ee9cc15f68"},"alternateName":"Memento Memini","potentialAction":[{"@type":"SearchAction","target":{"@type":"EntryPoint","urlTemplate":"https:\/\/mementomemini.website\/?s={search_term_string}"},"query-input":{"@type":"PropertyValueSpecification","valueRequired":true,"valueName":"search_term_string"}}],"inLanguage":"fr-FR"},{"@type":["Person","Organization"],"@id":"https:\/\/mementomemini.website\/#\/schema\/person\/1f5d973dd21d539f058037ee9cc15f68","name":"Myriam Muesser","image":{"@type":"ImageObject","inLanguage":"fr-FR","@id":"https:\/\/mementomemini.website\/#\/schema\/person\/image\/","url":"https:\/\/mementomemini.website\/wp-content\/uploads\/2022\/07\/cropped-cropped-MementoMemini_logo-e1658676554139.png","contentUrl":"https:\/\/mementomemini.website\/wp-content\/uploads\/2022\/07\/cropped-cropped-MementoMemini_logo-e1658676554139.png","width":50,"height":50,"caption":"Myriam Muesser"},"logo":{"@id":"https:\/\/mementomemini.website\/#\/schema\/person\/image\/"},"sameAs":["http:\/\/mementomemini.website","https:\/\/www.instagram.com\/memento_memini\/","https:\/\/fr.linkedin.com\/in\/myriam-muesser-b91b16a3"],"url":"https:\/\/mementomemini.website\/index.php\/author\/myriammuesser\/"}]}},"featured_media_urls":{"thumbnail":["https:\/\/mementomemini.website\/wp-content\/uploads\/2021\/07\/Furor_gallicus_tour_couv-blog_Memento-Memini-150x150.jpg",150,150,true],"medium":["https:\/\/mementomemini.website\/wp-content\/uploads\/2021\/07\/Furor_gallicus_tour_couv-blog_Memento-Memini-300x180.jpg",300,180,true],"medium_large":["https:\/\/mementomemini.website\/wp-content\/uploads\/2021\/07\/Furor_gallicus_tour_couv-blog_Memento-Memini-768x461.jpg",768,461,true],"large":["https:\/\/mementomemini.website\/wp-content\/uploads\/2021\/07\/Furor_gallicus_tour_couv-blog_Memento-Memini-1024x615.jpg",777,467,true],"1536x1536":["https:\/\/mementomemini.website\/wp-content\/uploads\/2021\/07\/Furor_gallicus_tour_couv-blog_Memento-Memini-1536x922.jpg",1536,922,true],"2048x2048":["https:\/\/mementomemini.website\/wp-content\/uploads\/2021\/07\/Furor_gallicus_tour_couv-blog_Memento-Memini.webp",1778,1067,false],"post-thumbnail":["https:\/\/mementomemini.website\/wp-content\/uploads\/2021\/07\/Furor_gallicus_tour_couv-blog_Memento-Memini-367x220.webp",367,220,true],"bravada-featured":["https:\/\/mementomemini.website\/wp-content\/uploads\/2021\/07\/Furor_gallicus_tour_couv-blog_Memento-Memini-367x300.webp",367,300,true],"bravada-featured-lp":["https:\/\/mementomemini.website\/wp-content\/uploads\/2021\/07\/Furor_gallicus_tour_couv-blog_Memento-Memini-1240x300.jpg",1240,300,true],"bravada-featured-half":["https:\/\/mementomemini.website\/wp-content\/uploads\/2021\/07\/Furor_gallicus_tour_couv-blog_Memento-Memini-800x300.jpg",800,300,true],"bravada-featured-third":["https:\/\/mementomemini.website\/wp-content\/uploads\/2021\/07\/Furor_gallicus_tour_couv-blog_Memento-Memini-512x300.jpg",512,300,true],"bravada-lpbox-1":["https:\/\/mementomemini.website\/wp-content\/uploads\/2021\/07\/Furor_gallicus_tour_couv-blog_Memento-Memini-310x250.jpg",310,250,true],"bravada-lpbox-2":["https:\/\/mementomemini.website\/wp-content\/uploads\/2021\/07\/Furor_gallicus_tour_couv-blog_Memento-Memini-413x300.jpg",413,300,true],"portfolio_item-thumbnail":["https:\/\/mementomemini.website\/wp-content\/uploads\/2021\/07\/Furor_gallicus_tour_couv-blog_Memento-Memini-600x400.jpg",600,400,true],"portfolio_item-thumbnail@2x":["https:\/\/mementomemini.website\/wp-content\/uploads\/2021\/07\/Furor_gallicus_tour_couv-blog_Memento-Memini-1200x800.webp",1200,800,true],"portfolio_item-masonry":["https:\/\/mementomemini.website\/wp-content\/uploads\/2021\/07\/Furor_gallicus_tour_couv-blog_Memento-Memini-600x360.jpg",600,360,true],"portfolio_item-masonry@2x":["https:\/\/mementomemini.website\/wp-content\/uploads\/2021\/07\/Furor_gallicus_tour_couv-blog_Memento-Memini-1200x720.webp",1200,720,true],"portfolio_item-thumbnail_cinema":["https:\/\/mementomemini.website\/wp-content\/uploads\/2021\/07\/Furor_gallicus_tour_couv-blog_Memento-Memini-800x335.jpg",800,335,true],"portfolio_item-thumbnail_portrait":["https:\/\/mementomemini.website\/wp-content\/uploads\/2021\/07\/Furor_gallicus_tour_couv-blog_Memento-Memini-600x900.jpg",600,900,true],"portfolio_item-thumbnail_portrait@2x":["https:\/\/mementomemini.website\/wp-content\/uploads\/2021\/07\/Furor_gallicus_tour_couv-blog_Memento-Memini-1200x1067.webp",1200,1067,true],"portfolio_item-thumbnail_square":["https:\/\/mementomemini.website\/wp-content\/uploads\/2021\/07\/Furor_gallicus_tour_couv-blog_Memento-Memini-800x800.jpg",800,800,true]},"_links":{"self":[{"href":"https:\/\/mementomemini.website\/index.php\/wp-json\/wp\/v2\/posts\/578","targetHints":{"allow":["GET"]}}],"collection":[{"href":"https:\/\/mementomemini.website\/index.php\/wp-json\/wp\/v2\/posts"}],"about":[{"href":"https:\/\/mementomemini.website\/index.php\/wp-json\/wp\/v2\/types\/post"}],"author":[{"embeddable":true,"href":"https:\/\/mementomemini.website\/index.php\/wp-json\/wp\/v2\/users\/1"}],"replies":[{"embeddable":true,"href":"https:\/\/mementomemini.website\/index.php\/wp-json\/wp\/v2\/comments?post=578"}],"version-history":[{"count":4,"href":"https:\/\/mementomemini.website\/index.php\/wp-json\/wp\/v2\/posts\/578\/revisions"}],"predecessor-version":[{"id":629,"href":"https:\/\/mementomemini.website\/index.php\/wp-json\/wp\/v2\/posts\/578\/revisions\/629"}],"wp:featuredmedia":[{"embeddable":true,"href":"https:\/\/mementomemini.website\/index.php\/wp-json\/wp\/v2\/media\/651"}],"wp:attachment":[{"href":"https:\/\/mementomemini.website\/index.php\/wp-json\/wp\/v2\/media?parent=578"}],"wp:term":[{"taxonomy":"category","embeddable":true,"href":"https:\/\/mementomemini.website\/index.php\/wp-json\/wp\/v2\/categories?post=578"},{"taxonomy":"post_tag","embeddable":true,"href":"https:\/\/mementomemini.website\/index.php\/wp-json\/wp\/v2\/tags?post=578"}],"curies":[{"name":"wp","href":"https:\/\/api.w.org\/{rel}","templated":true}]}}