{"id":1,"date":"1992-05-04T21:15:00","date_gmt":"1992-05-04T19:15:00","guid":{"rendered":"http:\/\/mementomemini.website\/?p=1"},"modified":"2022-11-01T18:31:43","modified_gmt":"2022-11-01T17:31:43","slug":"au-commencement-il-y-a-un-edito","status":"publish","type":"post","link":"https:\/\/mementomemini.website\/index.php\/1992\/05\/04\/au-commencement-il-y-a-un-edito\/","title":{"rendered":"Au commencement, il y a un Edito."},"content":{"rendered":"\n<p>L\u2019\u00eatre humain ressent, depuis toujours, la n\u00e9cessit\u00e9 de laisser une trace de son existence. Les Hommes de la pr\u00e9histoire avaient l&rsquo;art rupestre, les historiens les livres&#8230; et la g\u00e9n\u00e9ration web les blogs ! Alors quel meilleur moyen de marquer mon histoire qu\u2019un journal, Memento virtuel de mes souvenirs&nbsp;?<\/p>\n\n\n\n<p> \u00ab <em>Mon c\u0153ur battait fort quand, par la nuit glac\u00e9e, nous nous engage\u00e2mes dans cette p\u00e9rilleuse aventure<\/em> \u00bb. Cette phrase est extraite de l\u2019\u00cele au tr\u00e9sor de R. L. Stevenson, le premier livre que j\u2019ai d\u00e9vor\u00e9 en un brin de temps. Ces mots pleins d\u2019\u00e9motions refl\u00e8tent la t\u00e9m\u00e9rit\u00e9, l&rsquo;envie, et le courage qu&rsquo;il m&rsquo;a fallu pour d\u00e9buter cette belle aventure, la cr\u00e9ation de mon propre site internet. Je n&rsquo;ai que tr\u00e8s rarement accord\u00e9 de temps pour mes projets personnels, les pla\u00e7ant toujours au second plan. Mais, aujourd&rsquo;hui, il est temps de se lancer ! \u00ab\u00a0Yallah !\u00a0\u00bb comme disait S\u0153ur Emmanuel, une autre figure inspirante de ma jeunesse (oui, vous le comprendrez rapidement, en lisant mes articles, que j&rsquo;adore les mantras et autres citations inspirantes #tropdecitations).<\/p>\n\n\n\n<p>Vous retrouverez, ici, dans ce journal une fa\u00e7on pour moi de partager mes passions et mes int\u00e9r\u00eats. C\u2019est mon espace d\u2019expression pour les curieux en qu\u00eate d\u00e9couverte de sujets divers et vari\u00e9s. Un univers d\u00e9clin\u00e9 \u00e0 travers quatre th\u00e9matiques&nbsp;: Communication &amp; Graphisme \/ Loisirs &amp; cr\u00e9ations \/ Recettes &amp; Astuces \/ Voyages &amp; d\u00e9couvertes.<\/p>\n\n\n\n<p>Curiosit\u00e9s, anecdotes et conseils agr\u00e9menteront les sujets de ces articles&nbsp;! Si l\u2019objectif de ce journal est atteint, les lecteurs pourront citer en soupir de satisfaction, Charles Baudelaire&nbsp;:<\/p>\n\n\n\n<blockquote class=\"wp-block-quote is-layout-flow wp-block-quote-is-layout-flow\"><p>J\u2019ai plus de souvenirs que si j\u2019avais mille ans.<\/p><cite>Les Fleurs du mal<\/cite><\/blockquote>\n","protected":false},"excerpt":{"rendered":"<p>L\u2019\u00eatre humain ressent, depuis toujours, la n\u00e9cessit\u00e9 de laisser une trace de son existence. Les Hommes de la pr\u00e9histoire avaient l&rsquo;art rupestre, les historiens les livres&#8230; et la g\u00e9n\u00e9ration web &hellip;<\/p>\n","protected":false},"author":1,"featured_media":588,"comment_status":"closed","ping_status":"closed","sticky":false,"template":"","format":"standard","meta":{"footnotes":""},"categories":[1],"tags":[],"class_list":["post-1","post","type-post","status-publish","format-standard","has-post-thumbnail","hentry","category-voyages-decouvertes"],"yoast_head":"<!-- This site is optimized with the Yoast SEO plugin v25.6 - https:\/\/yoast.com\/wordpress\/plugins\/seo\/ -->\n<title>Au commencement, il y a un Edito.<\/title>\n<meta name=\"description\" content=\"L\u2019\u00eatre humain ressent, depuis toujours, la n\u00e9cessit\u00e9 de laisser une trace. Alors quel meilleur moyen, qu\u2019un journal, Memento de mes souvenirs\u00a0?\" \/>\n<meta name=\"robots\" content=\"index, follow, max-snippet:-1, max-image-preview:large, max-video-preview:-1\" \/>\n<link rel=\"canonical\" href=\"https:\/\/mementomemini.website\/index.php\/1992\/05\/04\/au-commencement-il-y-a-un-edito\/\" \/>\n<meta property=\"og:locale\" content=\"fr_FR\" \/>\n<meta property=\"og:type\" content=\"article\" \/>\n<meta property=\"og:title\" content=\"Au commencement, il y a un Edito.\" \/>\n<meta property=\"og:description\" content=\"L\u2019\u00eatre humain ressent, depuis toujours, la n\u00e9cessit\u00e9 de laisser une trace. Alors quel meilleur moyen, qu\u2019un journal, Memento de mes souvenirs\u00a0?\" \/>\n<meta property=\"og:url\" content=\"https:\/\/mementomemini.website\/index.php\/1992\/05\/04\/au-commencement-il-y-a-un-edito\/\" \/>\n<meta property=\"og:site_name\" content=\"Memento Memini\" \/>\n<meta property=\"article:published_time\" content=\"1992-05-04T19:15:00+00:00\" \/>\n<meta property=\"article:modified_time\" content=\"2022-11-01T17:31:43+00:00\" \/>\n<meta property=\"og:image\" content=\"https:\/\/mementomemini.website\/wp-content\/uploads\/2022\/07\/EDITO_couv_MM.webp\" \/>\n\t<meta property=\"og:image:width\" content=\"1388\" \/>\n\t<meta property=\"og:image:height\" content=\"834\" \/>\n\t<meta property=\"og:image:type\" content=\"image\/jpeg\" \/>\n<meta name=\"author\" content=\"Myriam Muesser\" \/>\n<meta name=\"twitter:card\" content=\"summary_large_image\" \/>\n<meta name=\"twitter:label1\" content=\"\u00c9crit par\" \/>\n\t<meta name=\"twitter:data1\" content=\"Myriam Muesser\" \/>\n\t<meta name=\"twitter:label2\" content=\"Dur\u00e9e de lecture estim\u00e9e\" \/>\n\t<meta name=\"twitter:data2\" content=\"2 minutes\" \/>\n<script type=\"application\/ld+json\" class=\"yoast-schema-graph\">{\"@context\":\"https:\/\/schema.org\",\"@graph\":[{\"@type\":\"Article\",\"@id\":\"https:\/\/mementomemini.website\/index.php\/1992\/05\/04\/au-commencement-il-y-a-un-edito\/#article\",\"isPartOf\":{\"@id\":\"https:\/\/mementomemini.website\/index.php\/1992\/05\/04\/au-commencement-il-y-a-un-edito\/\"},\"author\":{\"name\":\"Myriam Muesser\",\"@id\":\"https:\/\/mementomemini.website\/#\/schema\/person\/1f5d973dd21d539f058037ee9cc15f68\"},\"headline\":\"Au commencement, il y a un Edito.\",\"datePublished\":\"1992-05-04T19:15:00+00:00\",\"dateModified\":\"2022-11-01T17:31:43+00:00\",\"mainEntityOfPage\":{\"@id\":\"https:\/\/mementomemini.website\/index.php\/1992\/05\/04\/au-commencement-il-y-a-un-edito\/\"},\"wordCount\":316,\"publisher\":{\"@id\":\"https:\/\/mementomemini.website\/#\/schema\/person\/1f5d973dd21d539f058037ee9cc15f68\"},\"image\":{\"@id\":\"https:\/\/mementomemini.website\/index.php\/1992\/05\/04\/au-commencement-il-y-a-un-edito\/#primaryimage\"},\"thumbnailUrl\":\"https:\/\/mementomemini.website\/wp-content\/uploads\/2022\/07\/EDITO_couv_MM.webp\",\"articleSection\":[\"Voyages &amp; D\u00e9couvertes\"],\"inLanguage\":\"fr-FR\"},{\"@type\":\"WebPage\",\"@id\":\"https:\/\/mementomemini.website\/index.php\/1992\/05\/04\/au-commencement-il-y-a-un-edito\/\",\"url\":\"https:\/\/mementomemini.website\/index.php\/1992\/05\/04\/au-commencement-il-y-a-un-edito\/\",\"name\":\"Au commencement, il y a un Edito.\",\"isPartOf\":{\"@id\":\"https:\/\/mementomemini.website\/#website\"},\"primaryImageOfPage\":{\"@id\":\"https:\/\/mementomemini.website\/index.php\/1992\/05\/04\/au-commencement-il-y-a-un-edito\/#primaryimage\"},\"image\":{\"@id\":\"https:\/\/mementomemini.website\/index.php\/1992\/05\/04\/au-commencement-il-y-a-un-edito\/#primaryimage\"},\"thumbnailUrl\":\"https:\/\/mementomemini.website\/wp-content\/uploads\/2022\/07\/EDITO_couv_MM.webp\",\"datePublished\":\"1992-05-04T19:15:00+00:00\",\"dateModified\":\"2022-11-01T17:31:43+00:00\",\"description\":\"L\u2019\u00eatre humain ressent, depuis toujours, la n\u00e9cessit\u00e9 de laisser une trace. Alors quel meilleur moyen, qu\u2019un journal, Memento de mes souvenirs\u00a0?\",\"breadcrumb\":{\"@id\":\"https:\/\/mementomemini.website\/index.php\/1992\/05\/04\/au-commencement-il-y-a-un-edito\/#breadcrumb\"},\"inLanguage\":\"fr-FR\",\"potentialAction\":[{\"@type\":\"ReadAction\",\"target\":[\"https:\/\/mementomemini.website\/index.php\/1992\/05\/04\/au-commencement-il-y-a-un-edito\/\"]}]},{\"@type\":\"ImageObject\",\"inLanguage\":\"fr-FR\",\"@id\":\"https:\/\/mementomemini.website\/index.php\/1992\/05\/04\/au-commencement-il-y-a-un-edito\/#primaryimage\",\"url\":\"https:\/\/mementomemini.website\/wp-content\/uploads\/2022\/07\/EDITO_couv_MM.webp\",\"contentUrl\":\"https:\/\/mementomemini.website\/wp-content\/uploads\/2022\/07\/EDITO_couv_MM.webp\",\"width\":1388,\"height\":834},{\"@type\":\"BreadcrumbList\",\"@id\":\"https:\/\/mementomemini.website\/index.php\/1992\/05\/04\/au-commencement-il-y-a-un-edito\/#breadcrumb\",\"itemListElement\":[{\"@type\":\"ListItem\",\"position\":1,\"name\":\"Accueil\",\"item\":\"https:\/\/mementomemini.website\/\"},{\"@type\":\"ListItem\",\"position\":2,\"name\":\"Au commencement, il y a un Edito.\"}]},{\"@type\":\"WebSite\",\"@id\":\"https:\/\/mementomemini.website\/#website\",\"url\":\"https:\/\/mementomemini.website\/\",\"name\":\"Memento Memini, le carnet de curiosit\u00e9 de Myriam Muesser\",\"description\":\"Mon carnet de curiosit\u00e9\",\"publisher\":{\"@id\":\"https:\/\/mementomemini.website\/#\/schema\/person\/1f5d973dd21d539f058037ee9cc15f68\"},\"alternateName\":\"Memento Memini\",\"potentialAction\":[{\"@type\":\"SearchAction\",\"target\":{\"@type\":\"EntryPoint\",\"urlTemplate\":\"https:\/\/mementomemini.website\/?s={search_term_string}\"},\"query-input\":{\"@type\":\"PropertyValueSpecification\",\"valueRequired\":true,\"valueName\":\"search_term_string\"}}],\"inLanguage\":\"fr-FR\"},{\"@type\":[\"Person\",\"Organization\"],\"@id\":\"https:\/\/mementomemini.website\/#\/schema\/person\/1f5d973dd21d539f058037ee9cc15f68\",\"name\":\"Myriam Muesser\",\"image\":{\"@type\":\"ImageObject\",\"inLanguage\":\"fr-FR\",\"@id\":\"https:\/\/mementomemini.website\/#\/schema\/person\/image\/\",\"url\":\"https:\/\/mementomemini.website\/wp-content\/uploads\/2022\/07\/cropped-cropped-MementoMemini_logo-e1658676554139.png\",\"contentUrl\":\"https:\/\/mementomemini.website\/wp-content\/uploads\/2022\/07\/cropped-cropped-MementoMemini_logo-e1658676554139.png\",\"width\":50,\"height\":50,\"caption\":\"Myriam Muesser\"},\"logo\":{\"@id\":\"https:\/\/mementomemini.website\/#\/schema\/person\/image\/\"},\"sameAs\":[\"http:\/\/mementomemini.website\",\"https:\/\/www.instagram.com\/memento_memini\/\",\"https:\/\/fr.linkedin.com\/in\/myriam-muesser-b91b16a3\"],\"url\":\"https:\/\/mementomemini.website\/index.php\/author\/myriammuesser\/\"}]}<\/script>\n<!-- \/ Yoast SEO plugin. -->","yoast_head_json":{"title":"Au commencement, il y a un Edito.","description":"L\u2019\u00eatre humain ressent, depuis toujours, la n\u00e9cessit\u00e9 de laisser une trace. Alors quel meilleur moyen, qu\u2019un journal, Memento de mes souvenirs\u00a0?","robots":{"index":"index","follow":"follow","max-snippet":"max-snippet:-1","max-image-preview":"max-image-preview:large","max-video-preview":"max-video-preview:-1"},"canonical":"https:\/\/mementomemini.website\/index.php\/1992\/05\/04\/au-commencement-il-y-a-un-edito\/","og_locale":"fr_FR","og_type":"article","og_title":"Au commencement, il y a un Edito.","og_description":"L\u2019\u00eatre humain ressent, depuis toujours, la n\u00e9cessit\u00e9 de laisser une trace. Alors quel meilleur moyen, qu\u2019un journal, Memento de mes souvenirs\u00a0?","og_url":"https:\/\/mementomemini.website\/index.php\/1992\/05\/04\/au-commencement-il-y-a-un-edito\/","og_site_name":"Memento Memini","article_published_time":"1992-05-04T19:15:00+00:00","article_modified_time":"2022-11-01T17:31:43+00:00","og_image":[{"width":1388,"height":834,"url":"https:\/\/mementomemini.website\/wp-content\/uploads\/2022\/07\/EDITO_couv_MM.webp","type":"image\/jpeg"}],"author":"Myriam Muesser","twitter_card":"summary_large_image","twitter_misc":{"\u00c9crit par":"Myriam Muesser","Dur\u00e9e de lecture estim\u00e9e":"2 minutes"},"schema":{"@context":"https:\/\/schema.org","@graph":[{"@type":"Article","@id":"https:\/\/mementomemini.website\/index.php\/1992\/05\/04\/au-commencement-il-y-a-un-edito\/#article","isPartOf":{"@id":"https:\/\/mementomemini.website\/index.php\/1992\/05\/04\/au-commencement-il-y-a-un-edito\/"},"author":{"name":"Myriam Muesser","@id":"https:\/\/mementomemini.website\/#\/schema\/person\/1f5d973dd21d539f058037ee9cc15f68"},"headline":"Au commencement, il y a un Edito.","datePublished":"1992-05-04T19:15:00+00:00","dateModified":"2022-11-01T17:31:43+00:00","mainEntityOfPage":{"@id":"https:\/\/mementomemini.website\/index.php\/1992\/05\/04\/au-commencement-il-y-a-un-edito\/"},"wordCount":316,"publisher":{"@id":"https:\/\/mementomemini.website\/#\/schema\/person\/1f5d973dd21d539f058037ee9cc15f68"},"image":{"@id":"https:\/\/mementomemini.website\/index.php\/1992\/05\/04\/au-commencement-il-y-a-un-edito\/#primaryimage"},"thumbnailUrl":"https:\/\/mementomemini.website\/wp-content\/uploads\/2022\/07\/EDITO_couv_MM.webp","articleSection":["Voyages &amp; D\u00e9couvertes"],"inLanguage":"fr-FR"},{"@type":"WebPage","@id":"https:\/\/mementomemini.website\/index.php\/1992\/05\/04\/au-commencement-il-y-a-un-edito\/","url":"https:\/\/mementomemini.website\/index.php\/1992\/05\/04\/au-commencement-il-y-a-un-edito\/","name":"Au commencement, il y a un Edito.","isPartOf":{"@id":"https:\/\/mementomemini.website\/#website"},"primaryImageOfPage":{"@id":"https:\/\/mementomemini.website\/index.php\/1992\/05\/04\/au-commencement-il-y-a-un-edito\/#primaryimage"},"image":{"@id":"https:\/\/mementomemini.website\/index.php\/1992\/05\/04\/au-commencement-il-y-a-un-edito\/#primaryimage"},"thumbnailUrl":"https:\/\/mementomemini.website\/wp-content\/uploads\/2022\/07\/EDITO_couv_MM.webp","datePublished":"1992-05-04T19:15:00+00:00","dateModified":"2022-11-01T17:31:43+00:00","description":"L\u2019\u00eatre humain ressent, depuis toujours, la n\u00e9cessit\u00e9 de laisser une trace. Alors quel meilleur moyen, qu\u2019un journal, Memento de mes souvenirs\u00a0?","breadcrumb":{"@id":"https:\/\/mementomemini.website\/index.php\/1992\/05\/04\/au-commencement-il-y-a-un-edito\/#breadcrumb"},"inLanguage":"fr-FR","potentialAction":[{"@type":"ReadAction","target":["https:\/\/mementomemini.website\/index.php\/1992\/05\/04\/au-commencement-il-y-a-un-edito\/"]}]},{"@type":"ImageObject","inLanguage":"fr-FR","@id":"https:\/\/mementomemini.website\/index.php\/1992\/05\/04\/au-commencement-il-y-a-un-edito\/#primaryimage","url":"https:\/\/mementomemini.website\/wp-content\/uploads\/2022\/07\/EDITO_couv_MM.webp","contentUrl":"https:\/\/mementomemini.website\/wp-content\/uploads\/2022\/07\/EDITO_couv_MM.webp","width":1388,"height":834},{"@type":"BreadcrumbList","@id":"https:\/\/mementomemini.website\/index.php\/1992\/05\/04\/au-commencement-il-y-a-un-edito\/#breadcrumb","itemListElement":[{"@type":"ListItem","position":1,"name":"Accueil","item":"https:\/\/mementomemini.website\/"},{"@type":"ListItem","position":2,"name":"Au commencement, il y a un Edito."}]},{"@type":"WebSite","@id":"https:\/\/mementomemini.website\/#website","url":"https:\/\/mementomemini.website\/","name":"Memento Memini, le carnet de curiosit\u00e9 de Myriam Muesser","description":"Mon carnet de curiosit\u00e9","publisher":{"@id":"https:\/\/mementomemini.website\/#\/schema\/person\/1f5d973dd21d539f058037ee9cc15f68"},"alternateName":"Memento Memini","potentialAction":[{"@type":"SearchAction","target":{"@type":"EntryPoint","urlTemplate":"https:\/\/mementomemini.website\/?s={search_term_string}"},"query-input":{"@type":"PropertyValueSpecification","valueRequired":true,"valueName":"search_term_string"}}],"inLanguage":"fr-FR"},{"@type":["Person","Organization"],"@id":"https:\/\/mementomemini.website\/#\/schema\/person\/1f5d973dd21d539f058037ee9cc15f68","name":"Myriam Muesser","image":{"@type":"ImageObject","inLanguage":"fr-FR","@id":"https:\/\/mementomemini.website\/#\/schema\/person\/image\/","url":"https:\/\/mementomemini.website\/wp-content\/uploads\/2022\/07\/cropped-cropped-MementoMemini_logo-e1658676554139.png","contentUrl":"https:\/\/mementomemini.website\/wp-content\/uploads\/2022\/07\/cropped-cropped-MementoMemini_logo-e1658676554139.png","width":50,"height":50,"caption":"Myriam Muesser"},"logo":{"@id":"https:\/\/mementomemini.website\/#\/schema\/person\/image\/"},"sameAs":["http:\/\/mementomemini.website","https:\/\/www.instagram.com\/memento_memini\/","https:\/\/fr.linkedin.com\/in\/myriam-muesser-b91b16a3"],"url":"https:\/\/mementomemini.website\/index.php\/author\/myriammuesser\/"}]}},"featured_media_urls":{"thumbnail":["https:\/\/mementomemini.website\/wp-content\/uploads\/2022\/07\/EDITO_couv_MM-150x150.jpg",150,150,true],"medium":["https:\/\/mementomemini.website\/wp-content\/uploads\/2022\/07\/EDITO_couv_MM-300x180.jpg",300,180,true],"medium_large":["https:\/\/mementomemini.website\/wp-content\/uploads\/2022\/07\/EDITO_couv_MM-768x461.jpg",768,461,true],"large":["https:\/\/mementomemini.website\/wp-content\/uploads\/2022\/07\/EDITO_couv_MM-1024x615.jpg",777,467,true],"1536x1536":["https:\/\/mementomemini.website\/wp-content\/uploads\/2022\/07\/EDITO_couv_MM.webp",1388,834,false],"2048x2048":["https:\/\/mementomemini.website\/wp-content\/uploads\/2022\/07\/EDITO_couv_MM.webp",1388,834,false],"post-thumbnail":["https:\/\/mementomemini.website\/wp-content\/uploads\/2022\/07\/EDITO_couv_MM-367x221.webp",367,221,true],"bravada-featured":["https:\/\/mementomemini.website\/wp-content\/uploads\/2022\/07\/EDITO_couv_MM-367x300.webp",367,300,true],"bravada-featured-lp":["https:\/\/mementomemini.website\/wp-content\/uploads\/2022\/07\/EDITO_couv_MM-1240x300.webp",1240,300,true],"bravada-featured-half":["https:\/\/mementomemini.website\/wp-content\/uploads\/2022\/07\/EDITO_couv_MM-800x300.jpg",800,300,true],"bravada-featured-third":["https:\/\/mementomemini.website\/wp-content\/uploads\/2022\/07\/EDITO_couv_MM-512x300.jpg",512,300,true],"bravada-lpbox-1":["https:\/\/mementomemini.website\/wp-content\/uploads\/2022\/07\/EDITO_couv_MM-310x250.jpg",310,250,true],"bravada-lpbox-2":["https:\/\/mementomemini.website\/wp-content\/uploads\/2022\/07\/EDITO_couv_MM-413x300.jpg",413,300,true],"portfolio_item-thumbnail":["https:\/\/mementomemini.website\/wp-content\/uploads\/2022\/07\/EDITO_couv_MM-600x400.jpg",600,400,true],"portfolio_item-thumbnail@2x":["https:\/\/mementomemini.website\/wp-content\/uploads\/2022\/07\/EDITO_couv_MM-1200x800.webp",1200,800,true],"portfolio_item-masonry":["https:\/\/mementomemini.website\/wp-content\/uploads\/2022\/07\/EDITO_couv_MM-600x361.jpg",600,361,true],"portfolio_item-masonry@2x":["https:\/\/mementomemini.website\/wp-content\/uploads\/2022\/07\/EDITO_couv_MM-1200x721.webp",1200,721,true],"portfolio_item-thumbnail_cinema":["https:\/\/mementomemini.website\/wp-content\/uploads\/2022\/07\/EDITO_couv_MM-800x335.jpg",800,335,true],"portfolio_item-thumbnail_portrait":["https:\/\/mementomemini.website\/wp-content\/uploads\/2022\/07\/EDITO_couv_MM-600x834.jpg",600,834,true],"portfolio_item-thumbnail_portrait@2x":["https:\/\/mementomemini.website\/wp-content\/uploads\/2022\/07\/EDITO_couv_MM-1200x834.webp",1200,834,true],"portfolio_item-thumbnail_square":["https:\/\/mementomemini.website\/wp-content\/uploads\/2022\/07\/EDITO_couv_MM-800x800.jpg",800,800,true]},"_links":{"self":[{"href":"https:\/\/mementomemini.website\/index.php\/wp-json\/wp\/v2\/posts\/1","targetHints":{"allow":["GET"]}}],"collection":[{"href":"https:\/\/mementomemini.website\/index.php\/wp-json\/wp\/v2\/posts"}],"about":[{"href":"https:\/\/mementomemini.website\/index.php\/wp-json\/wp\/v2\/types\/post"}],"author":[{"embeddable":true,"href":"https:\/\/mementomemini.website\/index.php\/wp-json\/wp\/v2\/users\/1"}],"replies":[{"embeddable":true,"href":"https:\/\/mementomemini.website\/index.php\/wp-json\/wp\/v2\/comments?post=1"}],"version-history":[{"count":19,"href":"https:\/\/mementomemini.website\/index.php\/wp-json\/wp\/v2\/posts\/1\/revisions"}],"predecessor-version":[{"id":586,"href":"https:\/\/mementomemini.website\/index.php\/wp-json\/wp\/v2\/posts\/1\/revisions\/586"}],"wp:featuredmedia":[{"embeddable":true,"href":"https:\/\/mementomemini.website\/index.php\/wp-json\/wp\/v2\/media\/588"}],"wp:attachment":[{"href":"https:\/\/mementomemini.website\/index.php\/wp-json\/wp\/v2\/media?parent=1"}],"wp:term":[{"taxonomy":"category","embeddable":true,"href":"https:\/\/mementomemini.website\/index.php\/wp-json\/wp\/v2\/categories?post=1"},{"taxonomy":"post_tag","embeddable":true,"href":"https:\/\/mementomemini.website\/index.php\/wp-json\/wp\/v2\/tags?post=1"}],"curies":[{"name":"wp","href":"https:\/\/api.w.org\/{rel}","templated":true}]}}